{"id":1504,"date":"2021-07-12T15:27:48","date_gmt":"2021-07-12T15:27:48","guid":{"rendered":"https:\/\/cesargalarza.com\/?p=1504"},"modified":"2021-07-13T01:11:52","modified_gmt":"2021-07-13T01:11:52","slug":"colaboracion-con-fida","status":"publish","type":"post","link":"https:\/\/cesargalarza.com\/en\/2021\/07\/12\/colaboracion-con-fida\/","title":{"rendered":"COLABORACION CON FIDA"},"content":{"rendered":"<div data-elementor-type=\"wp-post\" data-elementor-id=\"1504\" class=\"elementor elementor-1504\">\n\t\t\t\t\t\t<section class=\"elementor-section elementor-top-section elementor-element elementor-element-6f749b2a elementor-section-boxed elementor-section-height-default elementor-section-height-default\" data-id=\"6f749b2a\" data-element_type=\"section\" data-e-type=\"section\">\n\t\t\t\t\t\t<div class=\"elementor-container elementor-column-gap-default\">\n\t\t\t\t\t<div class=\"elementor-column elementor-col-100 elementor-top-column elementor-element elementor-element-4dd7669d\" data-id=\"4dd7669d\" data-element_type=\"column\" data-e-type=\"column\">\n\t\t\t<div class=\"elementor-widget-wrap elementor-element-populated\">\n\t\t\t\t\t\t<div class=\"elementor-element elementor-element-4b1307c4 elementor-widget elementor-widget-text-editor\" data-id=\"4b1307c4\" data-element_type=\"widget\" data-e-type=\"widget\" data-widget_type=\"text-editor.default\">\n\t\t\t\t<div class=\"elementor-widget-container\">\n\t\t\t\t\t\t\t\t\t\n<p>Desde fines del a\u00f1o 2019, hasta fin de diciembre del 2020, los integrantes del grupo &#8220;Apostillas Ambientales&#8221;, Jaime Brem, Manuel Agra, Patricio Persini San Mart\u00edn, y Adriana Rojas, colaboraron como equipo t\u00e9cnico de apoyo, en mi tarea como consultor del <a href=\"https:\/\/www.ifad.org\/es\/home\" target=\"_blank\" rel=\"noreferrer noopener\">Fondo Internacional para el Desarrollo Agr\u00edcola (FIDA\/IFAD)<\/a> a fin de identificar y caracterizar los riesgos ambientales y clim\u00e1ticos, y elaborar la respectiva propuesta de plan de mitigaci\u00f3n ambiental y clim\u00e1tica, para la futura operatoria de dicho organismo internacional en la Republica Argentina.<\/p>\n\n<figure class=\"wp-block-image size-large is-resized\"><img fetchpriority=\"high\" decoding=\"async\" class=\"wp-image-1505\" src=\"https:\/\/cesargalarza.com\/wp-content\/uploads\/2021\/07\/2c21e5b232bbf9ef35bb747375e8904d.jpg\" alt=\"\" width=\"446\" height=\"624\" \/><\/figure>\n\t\t\t\t\t\t\t\t<\/div>\n\t\t\t\t<\/div>\n\t\t\t\t\t<\/div>\n\t\t<\/div>\n\t\t\t\t\t<\/div>\n\t\t<\/section>\n\t\t\t\t<\/div>","protected":false},"excerpt":{"rendered":"<p>Desde fines del a\u00f1o 2019, hasta fin de diciembre del 2020, los integrantes del grupo &#8220;Apostillas Ambientales&#8221;, Jaime Brem, Manuel Agra, Patricio Persini San Mart\u00edn, y Adriana Rojas, colaboraron como equipo t\u00e9cnico de apoyo, en mi tarea como consultor del Fondo Internacional para el Desarrollo Agr\u00edcola (FIDA\/IFAD) a fin de identificar y caracterizar los riesgos [&hellip;]<\/p>\n","protected":false},"author":2,"featured_media":1513,"comment_status":"open","ping_status":"open","sticky":false,"template":"","format":"standard","meta":{"site-sidebar-layout":"default","site-content-layout":"default","ast-site-content-layout":"default","site-content-style":"default","site-sidebar-style":"default","ast-global-header-display":"","ast-banner-title-visibility":"","ast-main-header-display":"","ast-hfb-above-header-display":"","ast-hfb-below-header-display":"","ast-hfb-mobile-header-display":"","site-post-title":"","ast-breadcrumbs-content":"","ast-featured-img":"","footer-sml-layout":"","ast-disable-related-posts":"","theme-transparent-header-meta":"default","adv-header-id-meta":"","stick-header-meta":"default","header-above-stick-meta":"","header-main-stick-meta":"","header-below-stick-meta":"","astra-migrate-meta-layouts":"default","ast-page-background-enabled":"default","ast-page-background-meta":{"desktop":{"background-color":"","background-image":"","background-repeat":"repeat","background-position":"center center","background-size":"auto","background-attachment":"scroll","background-type":"","background-media":"","overlay-type":"","overlay-color":"","overlay-opacity":"","overlay-gradient":""},"tablet":{"background-color":"","background-image":"","background-repeat":"repeat","background-position":"center center","background-size":"auto","background-attachment":"scroll","background-type":"","background-media":"","overlay-type":"","overlay-color":"","overlay-opacity":"","overlay-gradient":""},"mobile":{"background-color":"","background-image":"","background-repeat":"repeat","background-position":"center center","background-size":"auto","background-attachment":"scroll","background-type":"","background-media":"","overlay-type":"","overlay-color":"","overlay-opacity":"","overlay-gradient":""}},"ast-content-background-meta":{"desktop":{"background-color":"var(--ast-global-color-5)","background-image":"","background-repeat":"repeat","background-position":"center center","background-size":"auto","background-attachment":"scroll","background-type":"","background-media":"","overlay-type":"","overlay-color":"","overlay-opacity":"","overlay-gradient":""},"tablet":{"background-color":"var(--ast-global-color-5)","background-image":"","background-repeat":"repeat","background-position":"center center","background-size":"auto","background-attachment":"scroll","background-type":"","background-media":"","overlay-type":"","overlay-color":"","overlay-opacity":"","overlay-gradient":""},"mobile":{"background-color":"var(--ast-global-color-5)","background-image":"","background-repeat":"repeat","background-position":"center center","background-size":"auto","background-attachment":"scroll","background-type":"","background-media":"","overlay-type":"","overlay-color":"","overlay-opacity":"","overlay-gradient":""}},"footnotes":""},"categories":[6],"tags":[8,17,28,10,11,35,7],"class_list":["post-1504","post","type-post","status-publish","format-standard","has-post-thumbnail","hentry","category-noticias","tag-ambiente","tag-apostillas-ambientales","tag-argentina","tag-cesar-galarza","tag-fida","tag-riesgos-ambientales","tag-sustentabilidad"],"_links":{"self":[{"href":"https:\/\/cesargalarza.com\/en\/wp-json\/wp\/v2\/posts\/1504","targetHints":{"allow":["GET"]}}],"collection":[{"href":"https:\/\/cesargalarza.com\/en\/wp-json\/wp\/v2\/posts"}],"about":[{"href":"https:\/\/cesargalarza.com\/en\/wp-json\/wp\/v2\/types\/post"}],"author":[{"embeddable":true,"href":"https:\/\/cesargalarza.com\/en\/wp-json\/wp\/v2\/users\/2"}],"replies":[{"embeddable":true,"href":"https:\/\/cesargalarza.com\/en\/wp-json\/wp\/v2\/comments?post=1504"}],"version-history":[{"count":10,"href":"https:\/\/cesargalarza.com\/en\/wp-json\/wp\/v2\/posts\/1504\/revisions"}],"predecessor-version":[{"id":1578,"href":"https:\/\/cesargalarza.com\/en\/wp-json\/wp\/v2\/posts\/1504\/revisions\/1578"}],"wp:featuredmedia":[{"embeddable":true,"href":"https:\/\/cesargalarza.com\/en\/wp-json\/wp\/v2\/media\/1513"}],"wp:attachment":[{"href":"https:\/\/cesargalarza.com\/en\/wp-json\/wp\/v2\/media?parent=1504"}],"wp:term":[{"taxonomy":"category","embeddable":true,"href":"https:\/\/cesargalarza.com\/en\/wp-json\/wp\/v2\/categories?post=1504"},{"taxonomy":"post_tag","embeddable":true,"href":"https:\/\/cesargalarza.com\/en\/wp-json\/wp\/v2\/tags?post=1504"}],"curies":[{"name":"wp","href":"https:\/\/api.w.org\/{rel}","templated":true}]}}