{"id":1514,"date":"2021-07-12T15:50:12","date_gmt":"2021-07-12T15:50:12","guid":{"rendered":"https:\/\/cesargalarza.com\/?p=1514"},"modified":"2021-07-13T16:46:32","modified_gmt":"2021-07-13T16:46:32","slug":"mas-informacion-en-este-enlace","status":"publish","type":"post","link":"https:\/\/cesargalarza.com\/en\/2021\/07\/12\/mas-informacion-en-este-enlace\/","title":{"rendered":"PARTICIPACI\u00d3N EN EL CURSO DE PROYECTOS EN CLAVE AGENDA 2030 DE LA FCF-UNAM"},"content":{"rendered":"<div data-elementor-type=\"wp-post\" data-elementor-id=\"1514\" class=\"elementor elementor-1514\">\n\t\t\t\t\t\t<section class=\"elementor-section elementor-top-section elementor-element elementor-element-4de504e4 elementor-section-boxed elementor-section-height-default elementor-section-height-default\" data-id=\"4de504e4\" data-element_type=\"section\" data-e-type=\"section\">\n\t\t\t\t\t\t<div class=\"elementor-container elementor-column-gap-default\">\n\t\t\t\t\t<div class=\"elementor-column elementor-col-100 elementor-top-column elementor-element elementor-element-5c424ab0\" data-id=\"5c424ab0\" data-element_type=\"column\" data-e-type=\"column\">\n\t\t\t<div class=\"elementor-widget-wrap elementor-element-populated\">\n\t\t\t\t\t\t<div class=\"elementor-element elementor-element-5a3ed810 elementor-widget elementor-widget-text-editor\" data-id=\"5a3ed810\" data-element_type=\"widget\" data-e-type=\"widget\" data-widget_type=\"text-editor.default\">\n\t\t\t\t<div class=\"elementor-widget-container\">\n\t\t\t\t\t\t\t\t\t\n<p>El martes 17\/11\/20 ajunto a algunos miembros de Apostillas Ambientales particip\u00e9 de la segunda clase del curso <a href=\"http:\/\/www.facfor.unam.edu.ar\/curso-virtual-elaboracion-proyectos-clave-agenda-2030-desarrollo-sostenible\/\">&#8220;Elaboraci\u00f3n de Proyectos en clave Agenda 2030 para el Desarrollo Sostenible&#8221;<\/a>\u00a0organizado por la Facultad de Ciencias Forestales de la Universidad Nacional de Misiones.<\/p>\n\n<p>En esta oportunidad Ver\u00f3nica Carbone estuvo a cargo de la clase haciendo una aproximaci\u00f3n a la agenda 2030; dialogamos con los asistentes acerca de su experiencia pr\u00e1ctica en las posibilidades de financiamiento de proyectos de desarrollo sostenible, y Patricio Persini San Martin se refiri\u00f3 al proyecto de triple impacto Kaa Guy Pora de la Fundacion Huellas Para un Futuro\u00b4de la cual tambi\u00e9n es parte.<\/p>\n\n<figure class=\"wp-block-image size-large is-resized is-style-default\"><img fetchpriority=\"high\" decoding=\"async\" class=\"wp-image-1515\" src=\"https:\/\/cesargalarza.com\/wp-content\/uploads\/2021\/07\/31d99301ad7e2a47e58a31bba03727d2-1024x586.jpg\" alt=\"\" width=\"532\" height=\"304\" srcset=\"https:\/\/cesargalarza.com\/wp-content\/uploads\/2021\/07\/31d99301ad7e2a47e58a31bba03727d2-1024x586.jpg 1024w, https:\/\/cesargalarza.com\/wp-content\/uploads\/2021\/07\/31d99301ad7e2a47e58a31bba03727d2-300x172.jpg 300w, https:\/\/cesargalarza.com\/wp-content\/uploads\/2021\/07\/31d99301ad7e2a47e58a31bba03727d2-768x440.jpg 768w, https:\/\/cesargalarza.com\/wp-content\/uploads\/2021\/07\/31d99301ad7e2a47e58a31bba03727d2-16x9.jpg 16w, https:\/\/cesargalarza.com\/wp-content\/uploads\/2021\/07\/31d99301ad7e2a47e58a31bba03727d2.jpg 1446w\" sizes=\"(max-width: 532px) 100vw, 532px\" \/><\/figure>\n\n<p><a href=\"https:\/\/www.facfor.unam.edu.ar\/curso-virtual-elaboracion-proyectos-clave-agenda-2030-desarrollo-sostenible\/\" target=\"_blank\" rel=\"noreferrer noopener\" data-type=\"URL\" data-id=\"https:\/\/www.facfor.unam.edu.ar\/curso-virtual-elaboracion-proyectos-clave-agenda-2030-desarrollo-sostenible\/\">V<\/a><a href=\"https:\/\/www.facfor.unam.edu.ar\/curso-virtual-elaboracion-proyectos-clave-agenda-2030-desarrollo-sostenible\/\" target=\"_blank\" rel=\"noreferrer noopener\" data-type=\"URL\" data-id=\"https:\/\/www.facfor.unam.edu.ar\/curso-virtual-elaboracion-proyectos-clave-agenda-2030-desarrollo-sostenible\/\">er m\u00e1s<\/a><\/p>\n\t\t\t\t\t\t\t\t<\/div>\n\t\t\t\t<\/div>\n\t\t\t\t\t<\/div>\n\t\t<\/div>\n\t\t\t\t\t<\/div>\n\t\t<\/section>\n\t\t\t\t<\/div>","protected":false},"excerpt":{"rendered":"<p>El martes 17\/11\/20 ajunto a algunos miembros de Apostillas Ambientales particip\u00e9 de la segunda clase del curso &#8220;Elaboraci\u00f3n de Proyectos en clave Agenda 2030 para el Desarrollo Sostenible&#8221;&nbsp;organizado por la Facultad de Ciencias Forestales de la Universidad Nacional de Misiones. En esta oportunidad Ver\u00f3nica Carbone estuvo a cargo de la clase haciendo una aproximaci\u00f3n a [&hellip;]<\/p>\n","protected":false},"author":2,"featured_media":1617,"comment_status":"open","ping_status":"open","sticky":false,"template":"","format":"standard","meta":{"site-sidebar-layout":"default","site-content-layout":"default","ast-site-content-layout":"default","site-content-style":"default","site-sidebar-style":"default","ast-global-header-display":"","ast-banner-title-visibility":"","ast-main-header-display":"","ast-hfb-above-header-display":"","ast-hfb-below-header-display":"","ast-hfb-mobile-header-display":"","site-post-title":"","ast-breadcrumbs-content":"","ast-featured-img":"","footer-sml-layout":"","ast-disable-related-posts":"","theme-transparent-header-meta":"default","adv-header-id-meta":"","stick-header-meta":"default","header-above-stick-meta":"","header-main-stick-meta":"","header-below-stick-meta":"","astra-migrate-meta-layouts":"default","ast-page-background-enabled":"default","ast-page-background-meta":{"desktop":{"background-color":"","background-image":"","background-repeat":"repeat","background-position":"center center","background-size":"auto","background-attachment":"scroll","background-type":"","background-media":"","overlay-type":"","overlay-color":"","overlay-opacity":"","overlay-gradient":""},"tablet":{"background-color":"","background-image":"","background-repeat":"repeat","background-position":"center center","background-size":"auto","background-attachment":"scroll","background-type":"","background-media":"","overlay-type":"","overlay-color":"","overlay-opacity":"","overlay-gradient":""},"mobile":{"background-color":"","background-image":"","background-repeat":"repeat","background-position":"center center","background-size":"auto","background-attachment":"scroll","background-type":"","background-media":"","overlay-type":"","overlay-color":"","overlay-opacity":"","overlay-gradient":""}},"ast-content-background-meta":{"desktop":{"background-color":"var(--ast-global-color-5)","background-image":"","background-repeat":"repeat","background-position":"center center","background-size":"auto","background-attachment":"scroll","background-type":"","background-media":"","overlay-type":"","overlay-color":"","overlay-opacity":"","overlay-gradient":""},"tablet":{"background-color":"var(--ast-global-color-5)","background-image":"","background-repeat":"repeat","background-position":"center center","background-size":"auto","background-attachment":"scroll","background-type":"","background-media":"","overlay-type":"","overlay-color":"","overlay-opacity":"","overlay-gradient":""},"mobile":{"background-color":"var(--ast-global-color-5)","background-image":"","background-repeat":"repeat","background-position":"center center","background-size":"auto","background-attachment":"scroll","background-type":"","background-media":"","overlay-type":"","overlay-color":"","overlay-opacity":"","overlay-gradient":""}},"footnotes":""},"categories":[6],"tags":[38,17,16,37],"class_list":["post-1514","post","type-post","status-publish","format-standard","has-post-thumbnail","hentry","category-noticias","tag-agenda-2030","tag-apostillas-ambientales","tag-desarrollo-sostenible","tag-misiones"],"_links":{"self":[{"href":"https:\/\/cesargalarza.com\/en\/wp-json\/wp\/v2\/posts\/1514","targetHints":{"allow":["GET"]}}],"collection":[{"href":"https:\/\/cesargalarza.com\/en\/wp-json\/wp\/v2\/posts"}],"about":[{"href":"https:\/\/cesargalarza.com\/en\/wp-json\/wp\/v2\/types\/post"}],"author":[{"embeddable":true,"href":"https:\/\/cesargalarza.com\/en\/wp-json\/wp\/v2\/users\/2"}],"replies":[{"embeddable":true,"href":"https:\/\/cesargalarza.com\/en\/wp-json\/wp\/v2\/comments?post=1514"}],"version-history":[{"count":8,"href":"https:\/\/cesargalarza.com\/en\/wp-json\/wp\/v2\/posts\/1514\/revisions"}],"predecessor-version":[{"id":1618,"href":"https:\/\/cesargalarza.com\/en\/wp-json\/wp\/v2\/posts\/1514\/revisions\/1618"}],"wp:featuredmedia":[{"embeddable":true,"href":"https:\/\/cesargalarza.com\/en\/wp-json\/wp\/v2\/media\/1617"}],"wp:attachment":[{"href":"https:\/\/cesargalarza.com\/en\/wp-json\/wp\/v2\/media?parent=1514"}],"wp:term":[{"taxonomy":"category","embeddable":true,"href":"https:\/\/cesargalarza.com\/en\/wp-json\/wp\/v2\/categories?post=1514"},{"taxonomy":"post_tag","embeddable":true,"href":"https:\/\/cesargalarza.com\/en\/wp-json\/wp\/v2\/tags?post=1514"}],"curies":[{"name":"wp","href":"https:\/\/api.w.org\/{rel}","templated":true}]}}