{"id":1580,"date":"2021-07-13T15:56:27","date_gmt":"2021-07-13T15:56:27","guid":{"rendered":"https:\/\/cesargalarza.com\/?p=1580"},"modified":"2021-07-14T20:21:50","modified_gmt":"2021-07-14T20:21:50","slug":"coordinacion-de-proyecto-gef-para-la-fao","status":"publish","type":"post","link":"https:\/\/cesargalarza.com\/en\/2021\/07\/13\/coordinacion-de-proyecto-gef-para-la-fao\/","title":{"rendered":"COORDINACI\u00d3N DE PROYECTO GEF DE PROTECCI\u00d3N DE LA BIODIVERSIDAD"},"content":{"rendered":"<div data-elementor-type=\"wp-post\" data-elementor-id=\"1580\" class=\"elementor elementor-1580\">\n\t\t\t\t\t\t<section class=\"elementor-section elementor-top-section elementor-element elementor-element-5373a26b elementor-section-boxed elementor-section-height-default elementor-section-height-default\" data-id=\"5373a26b\" data-element_type=\"section\" data-e-type=\"section\">\n\t\t\t\t\t\t<div class=\"elementor-container elementor-column-gap-default\">\n\t\t\t\t\t<div class=\"elementor-column elementor-col-100 elementor-top-column elementor-element elementor-element-327cac4f\" data-id=\"327cac4f\" data-element_type=\"column\" data-e-type=\"column\">\n\t\t\t<div class=\"elementor-widget-wrap elementor-element-populated\">\n\t\t\t\t\t\t<div class=\"elementor-element elementor-element-20aeeb67 elementor-widget elementor-widget-text-editor\" data-id=\"20aeeb67\" data-element_type=\"widget\" data-e-type=\"widget\" data-widget_type=\"text-editor.default\">\n\t\t\t\t<div class=\"elementor-widget-container\">\n\t\t\t\t\t\t\t\t\t\n<p>A partir del mes de febrero de 2021 me he incorporado como coordinador para la FAO del proyecto GEF &#8220;Fortalecimiento de la gobernanza para la protecci\u00f3n de la biodiversidad mediante la Formulaci\u00f3n e implementaci\u00f3n de la Estrategia Nacional sobre Especies Ex\u00f3ticas Invasoras (ENEEI) (GCP\/ARG\/023\/GFF)\u201d<\/p>\n\n<p>Dicho proyecto propuso delinear los fundamentos para una pol\u00edtica p\u00fablica, interinstitucional e interjurisdiccional destinada a enfrentar el desaf\u00edo de las invasiones biol\u00f3gicas a trav\u00e9s de mecanismos apropiados para la prevenci\u00f3n de introducci\u00f3n, detecci\u00f3n temprana, contenci\u00f3n, control y erradicaci\u00f3n de las especies ex\u00f3ticas invasoras.<\/p>\n\n<p>El proyecto apoy\u00f3 al gobierno de Argentina en la formulaci\u00f3n e implementaci\u00f3n de una ENEEI respaldada en la interacci\u00f3n interinstitucional, la armonizaci\u00f3n de marcos normativos y la formulaci\u00f3n de un proyecto de ley de presupuestos m\u00ednimos de las EEI, un esquema de financiamiento de largo plazo, y la implementaci\u00f3n de una Estrategia de Comunicaci\u00f3n y Concientizaci\u00f3n P\u00fablica que permita integrar a los sectores privados y a la sociedad civil en los objetivos de favorecer la resiliencia de los ecosistemas.<\/p>\n\n<p>Para ello Argentina accedi\u00f3 a una donaci\u00f3n del Fondo para el Medio Ambiente Mundial (GEF) con el apoyo de la Organizaci\u00f3n de las Naciones Unidas para la Alimentaci\u00f3n y la Agricultura (FAO) como agencia de implementaci\u00f3n.<\/p>\n\n<p>Es importante destacar que este proyecto nacional respondi\u00f3 a la adhesi\u00f3n de Argentina a Convenios Internacionales como el Convenio sobre Diversidad Biol\u00f3gica (CDB) de las Naciones Unidas y a promover la utilizaci\u00f3n sostenible del Plan Estrat\u00e9gico para la Diversidad Biol\u00f3gica 2011-2020 y las Metas de Aichi.<\/p>\n\n<p>Para mayor informaci\u00f3n ver <a href=\"https:\/\/www.argentina.gob.ar\/ambiente\/biodiversidad\/exoticas-invasoras\" target=\"_blank\" rel=\"noreferrer noopener\" data-type=\"URL\" data-id=\"https:\/\/www.argentina.gob.ar\/ambiente\/biodiversidad\/exoticas-invasoras\"><strong><span style=\"color: #0000ff;\">\u00e9ste enlace<\/span>.<\/strong><\/a><\/p>\n\n<p>\u00a0<\/p>\n<p><img fetchpriority=\"high\" decoding=\"async\" class=\"alignnone wp-image-1609 size-full\" src=\"https:\/\/cesargalarza.com\/wp-content\/uploads\/2021\/07\/Captura.jpg\" alt=\"\" width=\"736\" height=\"356\" srcset=\"https:\/\/cesargalarza.com\/wp-content\/uploads\/2021\/07\/Captura.jpg 736w, https:\/\/cesargalarza.com\/wp-content\/uploads\/2021\/07\/Captura-300x145.jpg 300w, https:\/\/cesargalarza.com\/wp-content\/uploads\/2021\/07\/Captura-16x8.jpg 16w\" sizes=\"(max-width: 736px) 100vw, 736px\" \/><\/p>\n\t\t\t\t\t\t\t\t<\/div>\n\t\t\t\t<\/div>\n\t\t\t\t\t<\/div>\n\t\t<\/div>\n\t\t\t\t\t<\/div>\n\t\t<\/section>\n\t\t\t\t<\/div>","protected":false},"excerpt":{"rendered":"<p>A partir del mes de febrero de 2021 me he incorporado como coordinador para la FAO del proyecto GEF &#8220;Fortalecimiento de la gobernanza para la protecci\u00f3n de la biodiversidad mediante la Formulaci\u00f3n e implementaci\u00f3n de la Estrategia Nacional sobre Especies Ex\u00f3ticas Invasoras (ENEEI) (GCP\/ARG\/023\/GFF)\u201d Dicho proyecto propuso delinear los fundamentos para una pol\u00edtica p\u00fablica, interinstitucional [&hellip;]<\/p>\n","protected":false},"author":2,"featured_media":1581,"comment_status":"open","ping_status":"open","sticky":false,"template":"","format":"standard","meta":{"site-sidebar-layout":"default","site-content-layout":"default","ast-site-content-layout":"default","site-content-style":"default","site-sidebar-style":"default","ast-global-header-display":"","ast-banner-title-visibility":"","ast-main-header-display":"","ast-hfb-above-header-display":"","ast-hfb-below-header-display":"","ast-hfb-mobile-header-display":"","site-post-title":"","ast-breadcrumbs-content":"","ast-featured-img":"","footer-sml-layout":"","ast-disable-related-posts":"","theme-transparent-header-meta":"default","adv-header-id-meta":"","stick-header-meta":"default","header-above-stick-meta":"","header-main-stick-meta":"","header-below-stick-meta":"","astra-migrate-meta-layouts":"default","ast-page-background-enabled":"default","ast-page-background-meta":{"desktop":{"background-color":"","background-image":"","background-repeat":"repeat","background-position":"center center","background-size":"auto","background-attachment":"scroll","background-type":"","background-media":"","overlay-type":"","overlay-color":"","overlay-opacity":"","overlay-gradient":""},"tablet":{"background-color":"","background-image":"","background-repeat":"repeat","background-position":"center center","background-size":"auto","background-attachment":"scroll","background-type":"","background-media":"","overlay-type":"","overlay-color":"","overlay-opacity":"","overlay-gradient":""},"mobile":{"background-color":"","background-image":"","background-repeat":"repeat","background-position":"center center","background-size":"auto","background-attachment":"scroll","background-type":"","background-media":"","overlay-type":"","overlay-color":"","overlay-opacity":"","overlay-gradient":""}},"ast-content-background-meta":{"desktop":{"background-color":"var(--ast-global-color-5)","background-image":"","background-repeat":"repeat","background-position":"center center","background-size":"auto","background-attachment":"scroll","background-type":"","background-media":"","overlay-type":"","overlay-color":"","overlay-opacity":"","overlay-gradient":""},"tablet":{"background-color":"var(--ast-global-color-5)","background-image":"","background-repeat":"repeat","background-position":"center center","background-size":"auto","background-attachment":"scroll","background-type":"","background-media":"","overlay-type":"","overlay-color":"","overlay-opacity":"","overlay-gradient":""},"mobile":{"background-color":"var(--ast-global-color-5)","background-image":"","background-repeat":"repeat","background-position":"center center","background-size":"auto","background-attachment":"scroll","background-type":"","background-media":"","overlay-type":"","overlay-color":"","overlay-opacity":"","overlay-gradient":""}},"footnotes":""},"categories":[6],"tags":[28,39,43,40,42,41],"class_list":["post-1580","post","type-post","status-publish","format-standard","has-post-thumbnail","hentry","category-noticias","tag-argentina","tag-biodiversidad","tag-coordinacion","tag-exoticas-invasoras","tag-fao","tag-gef"],"_links":{"self":[{"href":"https:\/\/cesargalarza.com\/en\/wp-json\/wp\/v2\/posts\/1580","targetHints":{"allow":["GET"]}}],"collection":[{"href":"https:\/\/cesargalarza.com\/en\/wp-json\/wp\/v2\/posts"}],"about":[{"href":"https:\/\/cesargalarza.com\/en\/wp-json\/wp\/v2\/types\/post"}],"author":[{"embeddable":true,"href":"https:\/\/cesargalarza.com\/en\/wp-json\/wp\/v2\/users\/2"}],"replies":[{"embeddable":true,"href":"https:\/\/cesargalarza.com\/en\/wp-json\/wp\/v2\/comments?post=1580"}],"version-history":[{"count":29,"href":"https:\/\/cesargalarza.com\/en\/wp-json\/wp\/v2\/posts\/1580\/revisions"}],"predecessor-version":[{"id":1674,"href":"https:\/\/cesargalarza.com\/en\/wp-json\/wp\/v2\/posts\/1580\/revisions\/1674"}],"wp:featuredmedia":[{"embeddable":true,"href":"https:\/\/cesargalarza.com\/en\/wp-json\/wp\/v2\/media\/1581"}],"wp:attachment":[{"href":"https:\/\/cesargalarza.com\/en\/wp-json\/wp\/v2\/media?parent=1580"}],"wp:term":[{"taxonomy":"category","embeddable":true,"href":"https:\/\/cesargalarza.com\/en\/wp-json\/wp\/v2\/categories?post=1580"},{"taxonomy":"post_tag","embeddable":true,"href":"https:\/\/cesargalarza.com\/en\/wp-json\/wp\/v2\/tags?post=1580"}],"curies":[{"name":"wp","href":"https:\/\/api.w.org\/{rel}","templated":true}]}}