{"id":1717,"date":"2021-07-19T22:56:43","date_gmt":"2021-07-19T22:56:43","guid":{"rendered":"https:\/\/cesargalarza.com\/?p=1717"},"modified":"2021-07-19T23:00:35","modified_gmt":"2021-07-19T23:00:35","slug":"el-grupo-apostillas-acompana-la-compensacion-de-huella-de-carbono-de-la-asociacion-misionera-de-marketing","status":"publish","type":"post","link":"https:\/\/cesargalarza.com\/en\/2021\/07\/19\/el-grupo-apostillas-acompana-la-compensacion-de-huella-de-carbono-de-la-asociacion-misionera-de-marketing\/","title":{"rendered":"APOSTILLAS ACOMPA\u00d1A LA COMPENSACI\u00d3N DE HUELLA DE CARBONO dE LA AMMK"},"content":{"rendered":"<p>Excelente jornada de forestaci\u00f3n realizada por la&nbsp;<a href=\"https:\/\/www.linkedin.com\/company\/ammk\/\">AMMK \u00b7 Asociaci\u00f3n Misionera de Marketing&nbsp;<\/a>en el marco del trabajo realizado por el equipo de&nbsp;<a href=\"https:\/\/www.linkedin.com\/in\/ACoAACXeBP8BWWru6LQJSOkDN3ad3phNpAaHGSc\">Apostillas Ambientales Group<\/a>&nbsp;(Nicolas Acu\u00f1a, Manuel Agra y Paula Ramirez) en la medici\u00f3n y compensaci\u00f3n de su huella de carbono 2020.<br>Compromiso cumplido \ud83d\udc4f\ud83d\udc4f\ud83d\udc4f<\/p>\n\n\n\n<p><a rel=\"noreferrer noopener\" href=\"https:\/\/misionesonline.net\/2021\/07\/14\/ammk-7-anos-huella-verde\/\" target=\"_blank\">Ver nota en este enlace:<\/a><a href=\"https:\/\/misionesonline.net\/2021\/07\/14\/ammk-7-anos-huella-verde\/\" target=\"_blank\" rel=\"noreferrer noopener\"> https:\/\/misionesonline.net\/2021\/07\/14\/ammk-7-anos-huella-verde\/<\/a><\/p>\n\n\n\n<figure class=\"wp-block-embed is-type-wp-embed is-provider-misionesonline wp-block-embed-misionesonline\"><div class=\"wp-block-embed__wrapper\">\nhttps:\/\/misionesonline.net\/2021\/07\/14\/ammk-7-anos-huella-verde\/\n<\/div><\/figure>","protected":false},"excerpt":{"rendered":"<p>Excelente jornada de forestaci\u00f3n realizada por la&nbsp;AMMK \u00b7 Asociaci\u00f3n Misionera de Marketing&nbsp;en el marco del trabajo realizado por el equipo de&nbsp;Apostillas Ambientales&nbsp;(Nicolas Acu\u00f1a, Manuel Agra y Paula Ramirez) en la medici\u00f3n y compensaci\u00f3n de su huella de carbono 2020.Compromiso cumplido \ud83d\udc4f\ud83d\udc4f\ud83d\udc4f Ver nota en este enlace: https:\/\/misionesonline.net\/2021\/07\/14\/ammk-7-anos-huella-verde\/<\/p>","protected":false},"author":2,"featured_media":1719,"comment_status":"open","ping_status":"open","sticky":false,"template":"","format":"standard","meta":{"site-sidebar-layout":"default","site-content-layout":"default","ast-site-content-layout":"default","site-content-style":"default","site-sidebar-style":"default","ast-global-header-display":"","ast-banner-title-visibility":"","ast-main-header-display":"","ast-hfb-above-header-display":"","ast-hfb-below-header-display":"","ast-hfb-mobile-header-display":"","site-post-title":"","ast-breadcrumbs-content":"","ast-featured-img":"","footer-sml-layout":"","ast-disable-related-posts":"","theme-transparent-header-meta":"default","adv-header-id-meta":"","stick-header-meta":"default","header-above-stick-meta":"","header-main-stick-meta":"","header-below-stick-meta":"","astra-migrate-meta-layouts":"default","ast-page-background-enabled":"default","ast-page-background-meta":{"desktop":{"background-color":"","background-image":"","background-repeat":"repeat","background-position":"center center","background-size":"auto","background-attachment":"scroll","background-type":"","background-media":"","overlay-type":"","overlay-color":"","overlay-opacity":"","overlay-gradient":""},"tablet":{"background-color":"","background-image":"","background-repeat":"repeat","background-position":"center center","background-size":"auto","background-attachment":"scroll","background-type":"","background-media":"","overlay-type":"","overlay-color":"","overlay-opacity":"","overlay-gradient":""},"mobile":{"background-color":"","background-image":"","background-repeat":"repeat","background-position":"center center","background-size":"auto","background-attachment":"scroll","background-type":"","background-media":"","overlay-type":"","overlay-color":"","overlay-opacity":"","overlay-gradient":""}},"ast-content-background-meta":{"desktop":{"background-color":"var(--ast-global-color-5)","background-image":"","background-repeat":"repeat","background-position":"center center","background-size":"auto","background-attachment":"scroll","background-type":"","background-media":"","overlay-type":"","overlay-color":"","overlay-opacity":"","overlay-gradient":""},"tablet":{"background-color":"var(--ast-global-color-5)","background-image":"","background-repeat":"repeat","background-position":"center center","background-size":"auto","background-attachment":"scroll","background-type":"","background-media":"","overlay-type":"","overlay-color":"","overlay-opacity":"","overlay-gradient":""},"mobile":{"background-color":"var(--ast-global-color-5)","background-image":"","background-repeat":"repeat","background-position":"center center","background-size":"auto","background-attachment":"scroll","background-type":"","background-media":"","overlay-type":"","overlay-color":"","overlay-opacity":"","overlay-gradient":""}},"footnotes":""},"categories":[6],"tags":[17,53,31,52,12,54,37],"class_list":["post-1717","post","type-post","status-publish","format-standard","has-post-thumbnail","hentry","category-noticias","tag-apostillas-ambientales","tag-arboles","tag-cambio-climatico","tag-compensacion","tag-huella-de-carbono","tag-medicion-de-huella-de-carbono","tag-misiones"],"_links":{"self":[{"href":"https:\/\/cesargalarza.com\/en\/wp-json\/wp\/v2\/posts\/1717","targetHints":{"allow":["GET"]}}],"collection":[{"href":"https:\/\/cesargalarza.com\/en\/wp-json\/wp\/v2\/posts"}],"about":[{"href":"https:\/\/cesargalarza.com\/en\/wp-json\/wp\/v2\/types\/post"}],"author":[{"embeddable":true,"href":"https:\/\/cesargalarza.com\/en\/wp-json\/wp\/v2\/users\/2"}],"replies":[{"embeddable":true,"href":"https:\/\/cesargalarza.com\/en\/wp-json\/wp\/v2\/comments?post=1717"}],"version-history":[{"count":3,"href":"https:\/\/cesargalarza.com\/en\/wp-json\/wp\/v2\/posts\/1717\/revisions"}],"predecessor-version":[{"id":1722,"href":"https:\/\/cesargalarza.com\/en\/wp-json\/wp\/v2\/posts\/1717\/revisions\/1722"}],"wp:featuredmedia":[{"embeddable":true,"href":"https:\/\/cesargalarza.com\/en\/wp-json\/wp\/v2\/media\/1719"}],"wp:attachment":[{"href":"https:\/\/cesargalarza.com\/en\/wp-json\/wp\/v2\/media?parent=1717"}],"wp:term":[{"taxonomy":"category","embeddable":true,"href":"https:\/\/cesargalarza.com\/en\/wp-json\/wp\/v2\/categories?post=1717"},{"taxonomy":"post_tag","embeddable":true,"href":"https:\/\/cesargalarza.com\/en\/wp-json\/wp\/v2\/tags?post=1717"}],"curies":[{"name":"wp","href":"https:\/\/api.w.org\/{rel}","templated":true}]}}