{"id":1936,"date":"2021-09-21T12:13:27","date_gmt":"2021-09-21T12:13:27","guid":{"rendered":"https:\/\/cesargalarza.com\/?p=1936"},"modified":"2021-09-21T12:16:55","modified_gmt":"2021-09-21T12:16:55","slug":"colaboracion-en-obra-colectiva-sobre-economia-circular","status":"publish","type":"post","link":"https:\/\/cesargalarza.com\/en\/2021\/09\/21\/colaboracion-en-obra-colectiva-sobre-economia-circular\/","title":{"rendered":"COLABORACI\u00d3N EN OBRA COLECTIVA SOBRE ECONOM\u00cdA CIRCULAR"},"content":{"rendered":"\n<p>Recientemente ha sido publicado en Espa\u00f1a la obra colectiva &#8220;Tendencias Actuales en Econom\u00eda Circular: Instrumentos Financieros y Tributarios&#8221; en la que he colaborado junto a mis colegas Gerardo Monti y Nicol\u00e1s Acu\u00f1a, con el art\u00edculo &#8220;Sostenibilidad ambiental, fiscalidad y financiaci\u00f3n de la Agenda de Desarrollo Sostenible 2030&#8221;.<\/p>\n\n\n\n<p class=\"has-text-align-left\">Dicho libro se ha realizado en el marco del proyecto \u201cSOSTENIBILIDAD AMBIENTAL DENTRO DE LA ESTRATEGIA DE ECONOMIA CIRCULAR: PROPUESTAS SOBRE INSTRUMENTOS FINANCIEROS Y FISCALES\u201d RTI2018-098715-B-C22 DER (MCIU\/AEI\/FEDER, UE) \u2013Acr\u00f3nimo: \u201cCirculecon-&nbsp; [concedido por el Ministerio de Ciencia, Innovaci\u00f3n y Universidades del Gobierno de Espa\u00f1a, con la Financiaci\u00f3n del Fondo Europeo para el Desarrollo Regional], con una duraci\u00f3n de 3 a\u00f1os (Enero 2019-Diciembre 2021), del que formo parte, junto a otros 10 especialistas-acad\u00e9micos de distintas universidades de Iberoam\u00e9rica, con la investigaci\u00f3n: \u201cExperiencia pr\u00e1ctica en Argentina y Latinoam\u00e9rica para la identificaci\u00f3n y determinaci\u00f3n de instrumentos financieros y tributarios que fortalezcan la protecci\u00f3n del ambiente, la conservaci\u00f3n de los recursos naturales y la lucha contra el cambio clim\u00e1tico en los pa\u00edses de Latinoam\u00e9rica\u201d.<\/p>\n\n\n\n<p class=\"has-text-align-left\">Agradezco sinceramente a la Prof. Gemma Paton Garcia de la Universidad de Castillas La Mancha (Espa\u00f1a) por haberme hecho parte de este proyecto e invitarme a participar en la obra colectiva<\/p>\n\n\n\n<p>La obra esta a la venta por la Editorial Aranzadi. Les dejo el contenido del art\u00edculo.<\/p>\n\n\n\n<p><strong>SEGUNDA PARTE<\/strong><\/p>\n\n\n\n<p><strong>INFLUENCIA DE LOS INSTRUMENTOS FISCALES EN LA CONSECUCI\u00d3N DE LA ECONOM\u00cdA CIRCULAR A NIVEL GLOBAL<\/strong><\/p>\n\n\n\n<p><strong>CAP\u00cdTULO I<\/strong><\/p>\n\n\n\n<p><strong>SOSTENIBILIDAD AMBIENTAL, FISCALIDAD Y FINANCIACI\u00d3N DE LA AGENDA DE DESARROLLO SOSTENIBLE 2030<\/strong><\/p>\n\n\n\n<p>CESAR J. GALARZA \u2013 GERARDO MONTI \u2013 NICOL\u00c1S ACU\u00d1A DEL PINO<\/p>\n\n\n\n<p><strong>I.\u2003\u2003 Introducci\u00f3n<\/strong><\/p>\n\n\n\n<p><strong>II.\u2003\u2003La sostenibilidad ambiental en el marco de la agenda 2030<\/strong><\/p>\n\n\n\n<p>1.\u2002La Agenda 2030<\/p>\n\n\n\n<p>2.\u2002La sostenibilidad ambiental<\/p>\n\n\n\n<p>3.\u2002La econom\u00eda circular como v\u00eda de concreci\u00f3n de la sostenibilidad ambiental<\/p>\n\n\n\n<p>3.1.\u2002La econom\u00eda circular<\/p>\n\n\n\n<p>3.2.\u2002La econom\u00eda circular como camino para el logro de la sostenibilidad ambiental<\/p>\n\n\n\n<p>4.\u2002Incentivos econ\u00f3micos para la implementaci\u00f3n de la sostenibilidad ambiental: los tributos<\/p>\n\n\n\n<p>4.1.\u2002Incentivos econ\u00f3micos: aproximaci\u00f3n<\/p>\n\n\n\n<p>4.2.\u2002Los tributos como incentivos econ\u00f3micos para el logro de la sostenibilidad ambiental<\/p>\n\n\n\n<p>4.2.1.\u2002Desarrollo conceptual del tributo ambiental como incentivo.<\/p>\n\n\n\n<p>4.2.2.\u2002Fundamento teleol\u00f3gico del uso del tributo como incentivo para para sostenibilidad ambiental. La externalidad negativa. El principio \u201cquien contamina paga\u201d.<\/p>\n\n\n\n<p>4.2.3.\u2002Monto del tributo ambiental como incentivo econ\u00f3mico \u2013Cuantificaci\u00f3n\u2013 \u00d3ptimo social.<\/p>\n\n\n\n<p>5.\u2002Caso testigo: \u201cLas Briquetas\u201d<\/p>\n\n\n\n<p>5.1.\u2002Concepto: \u00bfQu\u00e9 son las briquetas?<\/p>\n\n\n\n<p>A)\u2002Biomasa-Biocombustibles<\/p>\n\n\n\n<p>5.2.\u2002Rol en la econom\u00eda circular.<\/p>\n\n\n\n<p>A)\u2002Impulso al desarrollo sostenible producido por las briquetas<\/p>\n\n\n\n<p>5.3.\u2002Incentivos tributarios para su implementaci\u00f3n.<\/p>\n\n\n\n<p><strong>III.\u2003\u2002Conclusiones<\/strong><\/p>\n\n\n\n<p><strong>IV.\u2003\u2002Bibliograf\u00eda<\/strong><\/p>\n\n\n\n<p><\/p>\n","protected":false},"excerpt":{"rendered":"<p>Recientemente ha sido publicado en Espa\u00f1a la obra colectiva &#8220;Tendencias Actuales en Econom\u00eda Circular: Instrumentos Financieros y Tributarios&#8221; en la que he colaborado junto a mis colegas Gerardo Monti y Nicol\u00e1s Acu\u00f1a, con el art\u00edculo &#8220;Sostenibilidad ambiental, fiscalidad y financiaci\u00f3n de la Agenda de Desarrollo Sostenible 2030&#8221;. Dicho libro se ha realizado en el marco [&hellip;]<\/p>\n","protected":false},"author":2,"featured_media":1938,"comment_status":"open","ping_status":"open","sticky":false,"template":"","format":"standard","meta":{"site-sidebar-layout":"default","site-content-layout":"default","ast-site-content-layout":"default","site-content-style":"default","site-sidebar-style":"default","ast-global-header-display":"","ast-banner-title-visibility":"","ast-main-header-display":"","ast-hfb-above-header-display":"","ast-hfb-below-header-display":"","ast-hfb-mobile-header-display":"","site-post-title":"","ast-breadcrumbs-content":"","ast-featured-img":"","footer-sml-layout":"","ast-disable-related-posts":"","theme-transparent-header-meta":"default","adv-header-id-meta":"","stick-header-meta":"default","header-above-stick-meta":"","header-main-stick-meta":"","header-below-stick-meta":"","astra-migrate-meta-layouts":"default","ast-page-background-enabled":"default","ast-page-background-meta":{"desktop":{"background-color":"","background-image":"","background-repeat":"repeat","background-position":"center center","background-size":"auto","background-attachment":"scroll","background-type":"","background-media":"","overlay-type":"","overlay-color":"","overlay-opacity":"","overlay-gradient":""},"tablet":{"background-color":"","background-image":"","background-repeat":"repeat","background-position":"center center","background-size":"auto","background-attachment":"scroll","background-type":"","background-media":"","overlay-type":"","overlay-color":"","overlay-opacity":"","overlay-gradient":""},"mobile":{"background-color":"","background-image":"","background-repeat":"repeat","background-position":"center center","background-size":"auto","background-attachment":"scroll","background-type":"","background-media":"","overlay-type":"","overlay-color":"","overlay-opacity":"","overlay-gradient":""}},"ast-content-background-meta":{"desktop":{"background-color":"var(--ast-global-color-5)","background-image":"","background-repeat":"repeat","background-position":"center center","background-size":"auto","background-attachment":"scroll","background-type":"","background-media":"","overlay-type":"","overlay-color":"","overlay-opacity":"","overlay-gradient":""},"tablet":{"background-color":"var(--ast-global-color-5)","background-image":"","background-repeat":"repeat","background-position":"center center","background-size":"auto","background-attachment":"scroll","background-type":"","background-media":"","overlay-type":"","overlay-color":"","overlay-opacity":"","overlay-gradient":""},"mobile":{"background-color":"var(--ast-global-color-5)","background-image":"","background-repeat":"repeat","background-position":"center center","background-size":"auto","background-attachment":"scroll","background-type":"","background-media":"","overlay-type":"","overlay-color":"","overlay-opacity":"","overlay-gradient":""}},"footnotes":""},"categories":[6],"tags":[38,8,28,47,51,50,32],"class_list":["post-1936","post","type-post","status-publish","format-standard","has-post-thumbnail","hentry","category-noticias","tag-agenda-2030","tag-ambiente","tag-argentina","tag-economia-circular","tag-espana","tag-fiscalidad-ambiental","tag-sostenibilidad"],"_links":{"self":[{"href":"https:\/\/cesargalarza.com\/en\/wp-json\/wp\/v2\/posts\/1936","targetHints":{"allow":["GET"]}}],"collection":[{"href":"https:\/\/cesargalarza.com\/en\/wp-json\/wp\/v2\/posts"}],"about":[{"href":"https:\/\/cesargalarza.com\/en\/wp-json\/wp\/v2\/types\/post"}],"author":[{"embeddable":true,"href":"https:\/\/cesargalarza.com\/en\/wp-json\/wp\/v2\/users\/2"}],"replies":[{"embeddable":true,"href":"https:\/\/cesargalarza.com\/en\/wp-json\/wp\/v2\/comments?post=1936"}],"version-history":[{"count":2,"href":"https:\/\/cesargalarza.com\/en\/wp-json\/wp\/v2\/posts\/1936\/revisions"}],"predecessor-version":[{"id":1939,"href":"https:\/\/cesargalarza.com\/en\/wp-json\/wp\/v2\/posts\/1936\/revisions\/1939"}],"wp:featuredmedia":[{"embeddable":true,"href":"https:\/\/cesargalarza.com\/en\/wp-json\/wp\/v2\/media\/1938"}],"wp:attachment":[{"href":"https:\/\/cesargalarza.com\/en\/wp-json\/wp\/v2\/media?parent=1936"}],"wp:term":[{"taxonomy":"category","embeddable":true,"href":"https:\/\/cesargalarza.com\/en\/wp-json\/wp\/v2\/categories?post=1936"},{"taxonomy":"post_tag","embeddable":true,"href":"https:\/\/cesargalarza.com\/en\/wp-json\/wp\/v2\/tags?post=1936"}],"curies":[{"name":"wp","href":"https:\/\/api.w.org\/{rel}","templated":true}]}}