{"id":9936,"date":"2024-11-28T19:50:45","date_gmt":"2024-11-28T19:50:45","guid":{"rendered":"https:\/\/cesargalarza.com\/?p=9936"},"modified":"2024-11-28T19:53:51","modified_gmt":"2024-11-28T19:53:51","slug":"participacion-en-la-cop-16-de-biodiversidad","status":"publish","type":"post","link":"https:\/\/cesargalarza.com\/en\/2024\/11\/28\/participacion-en-la-cop-16-de-biodiversidad\/","title":{"rendered":"Participaci\u00f3n en la COP 16 de Biodiversidad"},"content":{"rendered":"<p>El 24\/10\/24 tuvimos, con aforo completo, nuestra sesi\u00f3n de Impacto Verificado (procedimiento de servicios ecosist\u00e9micos) en la <a href=\"https:\/\/www.linkedin.com\/feed\/hashtag\/?keywords=cop16&amp;highlightedUpdateUrns=urn%3Ali%3Aactivity%3A7257344255365443585\">Cop16<\/a> de Biodiversidad en <a href=\"https:\/\/www.linkedin.com\/feed\/hashtag\/?keywords=cali&amp;highlightedUpdateUrns=urn%3Ali%3Aactivity%3A7257344255365443585\">Cali<\/a>, Colombia en el que tuve la oportunidad de participar como panelista en representacion del equipo de Clima y Servicios Ecosistemicos de FSC Internacional.<br><br>Fue un excelente y ameno espacio para compartir experiencias, opiniones y, sobre todo, conocer a tantas personas que tanto est\u00e1n haciendo en su lugar para ayudar en la lucha contra la p\u00e9rdida de biodiversidad. Muchos de ellos de la mano del FSC.<br><br>Mi m\u00e1s sincero agradecimiento a Pablo Ram\u00edrez de Arellano de ARAUCO, Maurem Alves de Klabin, Horacio Giordano de Montes del Plata y Lucio M\u00e9ndez de la Comunidad Ejido Nuevo Becal, y a sus equipos, por asumir este reto y superar todos los inconvenientes (que fueron muchos) para acompa\u00f1arnos en Cali.<br><br>Tambi\u00e9n quiero agradecer a Liza Murphy, de la UICN, por el espacio y tambi\u00e9n por acompa\u00f1arnos con Harold Pauwels, del Global Reporting Initiative (GRI), en esa ocasi\u00f3n, con aportes tan \u00fatiles y afectuosos.<br><br>Por \u00faltimo, me gustar\u00eda dar las gracias al <a href=\"https:\/\/www.linkedin.com\/company\/fsc-international-bonn\/\">Forest Stewardship Council<\/a> por haber hecho posible mi asistencia a la Cop16. Especialmente a Anand Punja por coordinar y liderar nuestro incre\u00edble equipo en Cop16 (gracias a todos vosotros tambi\u00e9n, colegas \u2764\ufe0f\ud83c\udf33\ud83d\udcaa) y, por \u00faltimo pero no menos importante, a Fabian Farkas, Bernardo Mateluna, Maria Wowro y Bruno Rath por apoyar ciegamente mi presencia en Cali desde el minuto 1.<br><br>Gracias a todos y, con lo aprendido, seguiremos trabajando para mejorar cada d\u00eda \ud83d\udcaa\ud83c\udf33.<br><br>Les dejo el enlace a la grabaci\u00f3n del evento (\ud83c\uddea\ud83c\udde6\ud83c\uddec\ud83c\udde7):  <a href=\"https:\/\/www.youtube.com\/live\/7WJfI1Nxl-Q?si=g9Srcv7PY6W18z52\">https:\/\/www.youtube.com\/live\/7WJfI1Nxl-Q?si=g9Srcv7PY6W18z52<\/a> (minutos 3:29:40 en adelante).<br><br><\/p>\n\n\n\n<figure class=\"wp-block-image size-large\"><img fetchpriority=\"high\" decoding=\"async\" width=\"473\" height=\"1024\" src=\"https:\/\/cesargalarza.com\/wp-content\/uploads\/2024\/11\/WhatsApp-Image-2024-11-22-at-09.40.59-473x1024.jpeg\" alt=\"\" class=\"wp-image-9939\" srcset=\"https:\/\/cesargalarza.com\/wp-content\/uploads\/2024\/11\/WhatsApp-Image-2024-11-22-at-09.40.59-473x1024.jpeg 473w, https:\/\/cesargalarza.com\/wp-content\/uploads\/2024\/11\/WhatsApp-Image-2024-11-22-at-09.40.59-139x300.jpeg 139w, https:\/\/cesargalarza.com\/wp-content\/uploads\/2024\/11\/WhatsApp-Image-2024-11-22-at-09.40.59-6x12.jpeg 6w, https:\/\/cesargalarza.com\/wp-content\/uploads\/2024\/11\/WhatsApp-Image-2024-11-22-at-09.40.59.jpeg 591w\" sizes=\"(max-width: 473px) 100vw, 473px\" \/><\/figure>","protected":false},"excerpt":{"rendered":"<p>El 24\/10\/24 tuvimos, con aforo completo, nuestra sesi\u00f3n de Impacto Verificado (procedimiento de servicios ecosist\u00e9micos) en la Cop16 de Biodiversidad en Cali, Colombia en el que tuve la oportunidad de participar como panelista en representacion del equipo de Clima y Servicios Ecosistemicos de FSC Internacional. Fue un excelente y ameno espacio para compartir experiencias, opiniones [&hellip;]<\/p>\n","protected":false},"author":2,"featured_media":9938,"comment_status":"open","ping_status":"open","sticky":false,"template":"","format":"standard","meta":{"site-sidebar-layout":"default","site-content-layout":"","ast-site-content-layout":"default","site-content-style":"default","site-sidebar-style":"default","ast-global-header-display":"","ast-banner-title-visibility":"","ast-main-header-display":"","ast-hfb-above-header-display":"","ast-hfb-below-header-display":"","ast-hfb-mobile-header-display":"","site-post-title":"","ast-breadcrumbs-content":"","ast-featured-img":"","footer-sml-layout":"","ast-disable-related-posts":"","theme-transparent-header-meta":"","adv-header-id-meta":"","stick-header-meta":"","header-above-stick-meta":"","header-main-stick-meta":"","header-below-stick-meta":"","astra-migrate-meta-layouts":"set","ast-page-background-enabled":"default","ast-page-background-meta":{"desktop":{"background-color":"","background-image":"","background-repeat":"repeat","background-position":"center center","background-size":"auto","background-attachment":"scroll","background-type":"","background-media":"","overlay-type":"","overlay-color":"","overlay-opacity":"","overlay-gradient":""},"tablet":{"background-color":"","background-image":"","background-repeat":"repeat","background-position":"center center","background-size":"auto","background-attachment":"scroll","background-type":"","background-media":"","overlay-type":"","overlay-color":"","overlay-opacity":"","overlay-gradient":""},"mobile":{"background-color":"","background-image":"","background-repeat":"repeat","background-position":"center center","background-size":"auto","background-attachment":"scroll","background-type":"","background-media":"","overlay-type":"","overlay-color":"","overlay-opacity":"","overlay-gradient":""}},"ast-content-background-meta":{"desktop":{"background-color":"var(--ast-global-color-5)","background-image":"","background-repeat":"repeat","background-position":"center center","background-size":"auto","background-attachment":"scroll","background-type":"","background-media":"","overlay-type":"","overlay-color":"","overlay-opacity":"","overlay-gradient":""},"tablet":{"background-color":"var(--ast-global-color-5)","background-image":"","background-repeat":"repeat","background-position":"center center","background-size":"auto","background-attachment":"scroll","background-type":"","background-media":"","overlay-type":"","overlay-color":"","overlay-opacity":"","overlay-gradient":""},"mobile":{"background-color":"var(--ast-global-color-5)","background-image":"","background-repeat":"repeat","background-position":"center center","background-size":"auto","background-attachment":"scroll","background-type":"","background-media":"","overlay-type":"","overlay-color":"","overlay-opacity":"","overlay-gradient":""}},"footnotes":""},"categories":[6,1],"tags":[114,147,117,39,126,150,134],"class_list":["post-9936","post","type-post","status-publish","format-standard","has-post-thumbnail","hentry","category-noticias","category-sin-categoria","tag-cambioclimatico","tag-cop16","tag-serviciosecosistemicos","tag-biodiversidad","tag-fsc","tag-impactoverificadofsc","tag-latinoamerica"],"_links":{"self":[{"href":"https:\/\/cesargalarza.com\/en\/wp-json\/wp\/v2\/posts\/9936","targetHints":{"allow":["GET"]}}],"collection":[{"href":"https:\/\/cesargalarza.com\/en\/wp-json\/wp\/v2\/posts"}],"about":[{"href":"https:\/\/cesargalarza.com\/en\/wp-json\/wp\/v2\/types\/post"}],"author":[{"embeddable":true,"href":"https:\/\/cesargalarza.com\/en\/wp-json\/wp\/v2\/users\/2"}],"replies":[{"embeddable":true,"href":"https:\/\/cesargalarza.com\/en\/wp-json\/wp\/v2\/comments?post=9936"}],"version-history":[{"count":2,"href":"https:\/\/cesargalarza.com\/en\/wp-json\/wp\/v2\/posts\/9936\/revisions"}],"predecessor-version":[{"id":9940,"href":"https:\/\/cesargalarza.com\/en\/wp-json\/wp\/v2\/posts\/9936\/revisions\/9940"}],"wp:featuredmedia":[{"embeddable":true,"href":"https:\/\/cesargalarza.com\/en\/wp-json\/wp\/v2\/media\/9938"}],"wp:attachment":[{"href":"https:\/\/cesargalarza.com\/en\/wp-json\/wp\/v2\/media?parent=9936"}],"wp:term":[{"taxonomy":"category","embeddable":true,"href":"https:\/\/cesargalarza.com\/en\/wp-json\/wp\/v2\/categories?post=9936"},{"taxonomy":"post_tag","embeddable":true,"href":"https:\/\/cesargalarza.com\/en\/wp-json\/wp\/v2\/tags?post=9936"}],"curies":[{"name":"wp","href":"https:\/\/api.w.org\/{rel}","templated":true}]}}